{"id":506,"date":"2022-06-10T00:55:37","date_gmt":"2022-06-09T22:55:37","guid":{"rendered":"https:\/\/osiedlezaciszne.eu\/?p=506"},"modified":"2022-06-23T21:21:11","modified_gmt":"2022-06-23T19:21:11","slug":"projekt-naszej-inwestycji","status":"publish","type":"post","link":"https:\/\/osiedlezaciszne.eu\/?p=506","title":{"rendered":"Projekt Osiedla Zacisznego"},"content":{"rendered":"\t\t<div data-elementor-type=\"wp-post\" data-elementor-id=\"506\" class=\"elementor elementor-506\" data-elementor-post-type=\"post\">\n\t\t\t\t\t\t<section class=\"elementor-section elementor-top-section elementor-element elementor-element-f3e1c1d elementor-section-boxed elementor-section-height-default elementor-section-height-default\" data-id=\"f3e1c1d\" data-element_type=\"section\" data-e-type=\"section\" data-settings=\"{&quot;jet_parallax_layout_list&quot;:[]}\">\n\t\t\t\t\t\t<div class=\"elementor-container elementor-column-gap-default\">\n\t\t\t\t\t<div class=\"elementor-column elementor-col-100 elementor-top-column elementor-element elementor-element-213ca93\" data-id=\"213ca93\" data-element_type=\"column\" data-e-type=\"column\">\n\t\t\t<div class=\"elementor-widget-wrap elementor-element-populated\">\n\t\t\t\t\t\t<div class=\"elementor-element elementor-element-bed964d elementor-widget elementor-widget-text-editor\" data-id=\"bed964d\" data-element_type=\"widget\" data-e-type=\"widget\" data-widget_type=\"text-editor.default\">\n\t\t\t\t<div class=\"elementor-widget-container\">\n\t\t\t\t\t\t\t\t\t<p>Osiedle Zaciszne to dwana\u015bcie komfortowych dom\u00f3w szeregowych o powierzchni od 119 do 300 m2, ka\u017cdy z ustawnym ogrodem oraz osiem praktycznych mieszka\u0144, z kt\u00f3rych po\u0142owa posiada w\u0142asny ogr\u00f3d, a druga po\u0142owa du\u017ce balkony. Zapraszamy do galerii zdj\u0119\u0107 z placu budowy, gdzie b\u0119dziecie mogli Pa\u0144stwo r\u00f3wnie\u017c obejrze\u0107 ustytuowanie osiedla w samym centrum osiedla Jaroty vis a\u00a0<span style=\"font-size: 1rem;\">vis Parku Zacisze.<\/span><\/p>\t\t\t\t\t\t\t\t<\/div>\n\t\t\t\t<\/div>\n\t\t\t\t\t<\/div>\n\t\t<\/div>\n\t\t\t\t\t<\/div>\n\t\t<\/section>\n\t\t\t\t<section class=\"elementor-section elementor-top-section elementor-element elementor-element-486d5f7 elementor-section-boxed elementor-section-height-default elementor-section-height-default\" data-id=\"486d5f7\" data-element_type=\"section\" data-e-type=\"section\" data-settings=\"{&quot;jet_parallax_layout_list&quot;:[]}\">\n\t\t\t\t\t\t<div class=\"elementor-container elementor-column-gap-default\">\n\t\t\t\t\t<div class=\"elementor-column elementor-col-100 elementor-top-column elementor-element elementor-element-a1a52fa\" data-id=\"a1a52fa\" data-element_type=\"column\" data-e-type=\"column\">\n\t\t\t<div class=\"elementor-widget-wrap elementor-element-populated\">\n\t\t\t\t\t\t<div class=\"elementor-element elementor-element-5883dc4 elementor-widget elementor-widget-gallery\" data-id=\"5883dc4\" data-element_type=\"widget\" data-e-type=\"widget\" data-settings=\"{&quot;aspect_ratio&quot;:&quot;4:3&quot;,&quot;overlay_title&quot;:&quot;description&quot;,&quot;lazyload&quot;:&quot;yes&quot;,&quot;gallery_layout&quot;:&quot;grid&quot;,&quot;columns&quot;:4,&quot;columns_tablet&quot;:2,&quot;columns_mobile&quot;:1,&quot;gap&quot;:{&quot;unit&quot;:&quot;px&quot;,&quot;size&quot;:10,&quot;sizes&quot;:[]},&quot;gap_tablet&quot;:{&quot;unit&quot;:&quot;px&quot;,&quot;size&quot;:10,&quot;sizes&quot;:[]},&quot;gap_mobile&quot;:{&quot;unit&quot;:&quot;px&quot;,&quot;size&quot;:10,&quot;sizes&quot;:[]},&quot;link_to&quot;:&quot;file&quot;,&quot;overlay_background&quot;:&quot;yes&quot;,&quot;content_hover_animation&quot;:&quot;fade-in&quot;}\" data-widget_type=\"gallery.default\">\n\t\t\t\t<div class=\"elementor-widget-container\">\n\t\t\t\t\t\t\t<div class=\"elementor-gallery__container\">\n\t\t\t\t\t\t\t<a class=\"e-gallery-item elementor-gallery-item elementor-animated-content\" href=\"https:\/\/osiedlezaciszne.eu\/wp-content\/uploads\/2022\/06\/w5-1a.jpg\" data-elementor-open-lightbox=\"yes\" data-elementor-lightbox-slideshow=\"5883dc4\" data-elementor-lightbox-title=\"w5-1a\" data-elementor-lightbox-description=\"KOMFORTOWE MIESZKANIE &lt;br&gt; 8 mieszka\u0144\" data-e-action-hash=\"#elementor-action%3Aaction%3Dlightbox%26settings%3DeyJpZCI6NTkzLCJ1cmwiOiJodHRwczpcL1wvb3NpZWRsZXphY2lzem5lLmV1XC93cC1jb250ZW50XC91cGxvYWRzXC8yMDIyXC8wNlwvdzUtMWEuanBnIiwic2xpZGVzaG93IjoiNTg4M2RjNCJ9\">\n\t\t\t\t\t<div class=\"e-gallery-image elementor-gallery-item__image\" data-thumbnail=\"https:\/\/osiedlezaciszne.eu\/wp-content\/uploads\/2022\/06\/w5-1a-1024x576.jpg\" data-width=\"1024\" data-height=\"576\" aria-label=\"\" role=\"img\" ><\/div>\n\t\t\t\t\t\t\t\t\t\t\t<div class=\"elementor-gallery-item__overlay\"><\/div>\n\t\t\t\t\t\t\t\t\t\t\t\t\t\t\t<div class=\"elementor-gallery-item__content\">\n\t\t\t\t\t\t\t\t\t\t\t\t\t\t<div class=\"elementor-gallery-item__title\">\n\t\t\t\t\t\t\t\t\t\t\t\t\t\t\t\t\t\tKOMFORTOWE MIESZKANIE <br> 8 mieszka\u0144\t\t\t\t\t\t\t\t<\/div>\n\t\t\t\t\t\t\t\t\t\t\t\t<\/div>\n\t\t\t\t\t\t\t\t\t<\/a>\n\t\t\t\t\t\t\t<a class=\"e-gallery-item elementor-gallery-item elementor-animated-content\" href=\"https:\/\/osiedlezaciszne.eu\/wp-content\/uploads\/2019\/11\/dzien_korekta.jpg\" data-elementor-open-lightbox=\"yes\" data-elementor-lightbox-slideshow=\"5883dc4\" data-elementor-lightbox-title=\"dzien_korekta\" data-elementor-lightbox-description=\"KOMFORTOWE DOMY &lt;br&gt; 12 dom\u00f3w\" data-e-action-hash=\"#elementor-action%3Aaction%3Dlightbox%26settings%3DeyJpZCI6NDYyLCJ1cmwiOiJodHRwczpcL1wvb3NpZWRsZXphY2lzem5lLmV1XC93cC1jb250ZW50XC91cGxvYWRzXC8yMDE5XC8xMVwvZHppZW5fa29yZWt0YS5qcGciLCJzbGlkZXNob3ciOiI1ODgzZGM0In0%3D\">\n\t\t\t\t\t<div class=\"e-gallery-image elementor-gallery-item__image\" data-thumbnail=\"https:\/\/osiedlezaciszne.eu\/wp-content\/uploads\/2019\/11\/dzien_korekta-1024x576.jpg\" data-width=\"1024\" data-height=\"576\" aria-label=\"\" role=\"img\" ><\/div>\n\t\t\t\t\t\t\t\t\t\t\t<div class=\"elementor-gallery-item__overlay\"><\/div>\n\t\t\t\t\t\t\t\t\t\t\t\t\t\t\t<div class=\"elementor-gallery-item__content\">\n\t\t\t\t\t\t\t\t\t\t\t\t\t\t<div class=\"elementor-gallery-item__title\">\n\t\t\t\t\t\t\t\t\t\t\t\t\t\t\t\t\t\tKOMFORTOWE DOMY <br> 12 dom\u00f3w\t\t\t\t\t\t\t\t<\/div>\n\t\t\t\t\t\t\t\t\t\t\t\t<\/div>\n\t\t\t\t\t\t\t\t\t<\/a>\n\t\t\t\t\t\t\t<a class=\"e-gallery-item elementor-gallery-item elementor-animated-content\" href=\"https:\/\/osiedlezaciszne.eu\/wp-content\/uploads\/2022\/06\/salon-02.png\" data-elementor-open-lightbox=\"yes\" data-elementor-lightbox-slideshow=\"5883dc4\" data-elementor-lightbox-title=\"salon 02\" data-elementor-lightbox-description=\"SALON 2\" data-e-action-hash=\"#elementor-action%3Aaction%3Dlightbox%26settings%3DeyJpZCI6NTEwLCJ1cmwiOiJodHRwczpcL1wvb3NpZWRsZXphY2lzem5lLmV1XC93cC1jb250ZW50XC91cGxvYWRzXC8yMDIyXC8wNlwvc2Fsb24tMDIucG5nIiwic2xpZGVzaG93IjoiNTg4M2RjNCJ9\">\n\t\t\t\t\t<div class=\"e-gallery-image elementor-gallery-item__image\" data-thumbnail=\"https:\/\/osiedlezaciszne.eu\/wp-content\/uploads\/2022\/06\/salon-02-1024x682.png\" data-width=\"1024\" data-height=\"682\" aria-label=\"\" role=\"img\" ><\/div>\n\t\t\t\t\t\t\t\t\t\t\t<div class=\"elementor-gallery-item__overlay\"><\/div>\n\t\t\t\t\t\t\t\t\t\t\t\t\t\t\t<div class=\"elementor-gallery-item__content\">\n\t\t\t\t\t\t\t\t\t\t\t\t\t\t<div class=\"elementor-gallery-item__title\">\n\t\t\t\t\t\t\t\t\t\t\t\t\t\t\t\t\t\tSALON 2\t\t\t\t\t\t\t\t<\/div>\n\t\t\t\t\t\t\t\t\t\t\t\t<\/div>\n\t\t\t\t\t\t\t\t\t<\/a>\n\t\t\t\t\t\t\t<a class=\"e-gallery-item elementor-gallery-item elementor-animated-content\" href=\"https:\/\/osiedlezaciszne.eu\/wp-content\/uploads\/2022\/06\/salon-01.png\" data-elementor-open-lightbox=\"yes\" data-elementor-lightbox-slideshow=\"5883dc4\" data-elementor-lightbox-title=\"salon 01\" data-elementor-lightbox-description=\"SALON 1\" data-e-action-hash=\"#elementor-action%3Aaction%3Dlightbox%26settings%3DeyJpZCI6NTA5LCJ1cmwiOiJodHRwczpcL1wvb3NpZWRsZXphY2lzem5lLmV1XC93cC1jb250ZW50XC91cGxvYWRzXC8yMDIyXC8wNlwvc2Fsb24tMDEucG5nIiwic2xpZGVzaG93IjoiNTg4M2RjNCJ9\">\n\t\t\t\t\t<div class=\"e-gallery-image elementor-gallery-item__image\" data-thumbnail=\"https:\/\/osiedlezaciszne.eu\/wp-content\/uploads\/2022\/06\/salon-01-1024x682.png\" data-width=\"1024\" data-height=\"682\" aria-label=\"\" role=\"img\" ><\/div>\n\t\t\t\t\t\t\t\t\t\t\t<div class=\"elementor-gallery-item__overlay\"><\/div>\n\t\t\t\t\t\t\t\t\t\t\t\t\t\t\t<div class=\"elementor-gallery-item__content\">\n\t\t\t\t\t\t\t\t\t\t\t\t\t\t<div class=\"elementor-gallery-item__title\">\n\t\t\t\t\t\t\t\t\t\t\t\t\t\t\t\t\t\tSALON 1\t\t\t\t\t\t\t\t<\/div>\n\t\t\t\t\t\t\t\t\t\t\t\t<\/div>\n\t\t\t\t\t\t\t\t\t<\/a>\n\t\t\t\t\t\t\t<a class=\"e-gallery-item elementor-gallery-item elementor-animated-content\" href=\"https:\/\/osiedlezaciszne.eu\/wp-content\/uploads\/2022\/06\/lazienka-01.png\" data-elementor-open-lightbox=\"yes\" data-elementor-lightbox-slideshow=\"5883dc4\" data-elementor-lightbox-title=\"lazienka 01\" data-elementor-lightbox-description=\"\u0141AZIENKA\" data-e-action-hash=\"#elementor-action%3Aaction%3Dlightbox%26settings%3DeyJpZCI6NTA4LCJ1cmwiOiJodHRwczpcL1wvb3NpZWRsZXphY2lzem5lLmV1XC93cC1jb250ZW50XC91cGxvYWRzXC8yMDIyXC8wNlwvbGF6aWVua2EtMDEucG5nIiwic2xpZGVzaG93IjoiNTg4M2RjNCJ9\">\n\t\t\t\t\t<div class=\"e-gallery-image elementor-gallery-item__image\" data-thumbnail=\"https:\/\/osiedlezaciszne.eu\/wp-content\/uploads\/2022\/06\/lazienka-01-1024x682.png\" data-width=\"1024\" data-height=\"682\" aria-label=\"\" role=\"img\" ><\/div>\n\t\t\t\t\t\t\t\t\t\t\t<div class=\"elementor-gallery-item__overlay\"><\/div>\n\t\t\t\t\t\t\t\t\t\t\t\t\t\t\t<div class=\"elementor-gallery-item__content\">\n\t\t\t\t\t\t\t\t\t\t\t\t\t\t<div class=\"elementor-gallery-item__title\">\n\t\t\t\t\t\t\t\t\t\t\t\t\t\t\t\t\t\t\u0141AZIENKA\t\t\t\t\t\t\t\t<\/div>\n\t\t\t\t\t\t\t\t\t\t\t\t<\/div>\n\t\t\t\t\t\t\t\t\t<\/a>\n\t\t\t\t\t\t\t<a class=\"e-gallery-item elementor-gallery-item elementor-animated-content\" href=\"https:\/\/osiedlezaciszne.eu\/wp-content\/uploads\/2022\/06\/G8A9597.jpg\" data-elementor-open-lightbox=\"yes\" data-elementor-lightbox-slideshow=\"5883dc4\" data-elementor-lightbox-title=\"_G8A9597\" data-elementor-lightbox-description=\"POBLISKA LINIA TRAMWAJOWA &lt;br&gt; tramwaje kursuj\u0105 co 15 minut\" data-e-action-hash=\"#elementor-action%3Aaction%3Dlightbox%26settings%3DeyJpZCI6NjQ5LCJ1cmwiOiJodHRwczpcL1wvb3NpZWRsZXphY2lzem5lLmV1XC93cC1jb250ZW50XC91cGxvYWRzXC8yMDIyXC8wNlwvRzhBOTU5Ny5qcGciLCJzbGlkZXNob3ciOiI1ODgzZGM0In0%3D\">\n\t\t\t\t\t<div class=\"e-gallery-image elementor-gallery-item__image\" data-thumbnail=\"https:\/\/osiedlezaciszne.eu\/wp-content\/uploads\/2022\/06\/G8A9597-1024x683.jpg\" data-width=\"1024\" data-height=\"683\" aria-label=\"\" role=\"img\" ><\/div>\n\t\t\t\t\t\t\t\t\t\t\t<div class=\"elementor-gallery-item__overlay\"><\/div>\n\t\t\t\t\t\t\t\t\t\t\t\t\t\t\t<div class=\"elementor-gallery-item__content\">\n\t\t\t\t\t\t\t\t\t\t\t\t\t\t<div class=\"elementor-gallery-item__title\">\n\t\t\t\t\t\t\t\t\t\t\t\t\t\t\t\t\t\tPOBLISKA LINIA TRAMWAJOWA <br> tramwaje kursuj\u0105 co 15 minut\t\t\t\t\t\t\t\t<\/div>\n\t\t\t\t\t\t\t\t\t\t\t\t<\/div>\n\t\t\t\t\t\t\t\t\t<\/a>\n\t\t\t\t\t\t\t<a class=\"e-gallery-item elementor-gallery-item elementor-animated-content\" href=\"https:\/\/osiedlezaciszne.eu\/wp-content\/uploads\/2022\/06\/G8A7574.jpg\" data-elementor-open-lightbox=\"yes\" data-elementor-lightbox-slideshow=\"5883dc4\" data-elementor-lightbox-title=\"_G8A7574\" data-elementor-lightbox-description=\"GALERIA WARMI\u0143SKA &lt;br&gt; \u0142atwy dojazd tramwajem\" data-e-action-hash=\"#elementor-action%3Aaction%3Dlightbox%26settings%3DeyJpZCI6NjUxLCJ1cmwiOiJodHRwczpcL1wvb3NpZWRsZXphY2lzem5lLmV1XC93cC1jb250ZW50XC91cGxvYWRzXC8yMDIyXC8wNlwvRzhBNzU3NC5qcGciLCJzbGlkZXNob3ciOiI1ODgzZGM0In0%3D\">\n\t\t\t\t\t<div class=\"e-gallery-image elementor-gallery-item__image\" data-thumbnail=\"https:\/\/osiedlezaciszne.eu\/wp-content\/uploads\/2022\/06\/G8A7574-1024x683.jpg\" data-width=\"1024\" data-height=\"683\" aria-label=\"\" role=\"img\" ><\/div>\n\t\t\t\t\t\t\t\t\t\t\t<div class=\"elementor-gallery-item__overlay\"><\/div>\n\t\t\t\t\t\t\t\t\t\t\t\t\t\t\t<div class=\"elementor-gallery-item__content\">\n\t\t\t\t\t\t\t\t\t\t\t\t\t\t<div class=\"elementor-gallery-item__title\">\n\t\t\t\t\t\t\t\t\t\t\t\t\t\t\t\t\t\tGALERIA WARMI\u0143SKA <br> \u0142atwy dojazd tramwajem\t\t\t\t\t\t\t\t<\/div>\n\t\t\t\t\t\t\t\t\t\t\t\t<\/div>\n\t\t\t\t\t\t\t\t\t<\/a>\n\t\t\t\t\t<\/div>\n\t\t\t\t\t<\/div>\n\t\t\t\t<\/div>\n\t\t\t\t\t<\/div>\n\t\t<\/div>\n\t\t\t\t\t<\/div>\n\t\t<\/section>\n\t\t\t\t<\/div>\n\t\t","protected":false},"excerpt":{"rendered":"<p>Osiedle Zaciszne to dwana\u015bcie komfortowych dom\u00f3w szeregowych o powierzchni od 119 do 300 m2, ka\u017cdy z ustawnym ogrodem oraz osiem praktycznych mieszka\u0144, z kt\u00f3rych po\u0142owa posiada w\u0142asny ogr\u00f3d, a druga po\u0142owa du\u017ce balkony. Zapraszamy do galerii zdj\u0119\u0107 z placu budowy, gdzie b\u0119dziecie mogli Pa\u0144stwo r\u00f3wnie\u017c obejrze\u0107 ustytuowanie osiedla w samym centrum osiedla Jaroty vis a\u00a0vis [&hellip;]<\/p>\n","protected":false},"author":1,"featured_media":462,"comment_status":"open","ping_status":"open","sticky":false,"template":"","format":"standard","meta":{"_acf_changed":false,"footnotes":""},"categories":[1],"tags":[],"class_list":["post-506","post","type-post","status-publish","format-standard","has-post-thumbnail","hentry","category-uncategorized"],"acf":[],"yoast_head":"<!-- This site is optimized with the Yoast SEO plugin v27.5 - https:\/\/yoast.com\/product\/yoast-seo-wordpress\/ -->\n<title>Projekt Osiedla Zacisznego - wordpressplugins<\/title>\n<meta name=\"robots\" content=\"index, follow, max-snippet:-1, max-image-preview:large, max-video-preview:-1\" \/>\n<link rel=\"canonical\" href=\"https:\/\/osiedlezaciszne.eu\/?p=506\" \/>\n<meta property=\"og:locale\" content=\"en_US\" \/>\n<meta property=\"og:type\" content=\"article\" \/>\n<meta property=\"og:title\" content=\"Projekt Osiedla Zacisznego - wordpressplugins\" \/>\n<meta property=\"og:description\" content=\"Osiedle Zaciszne to dwana\u015bcie komfortowych dom\u00f3w szeregowych o powierzchni od 119 do 300 m2, ka\u017cdy z ustawnym ogrodem oraz osiem praktycznych mieszka\u0144, z kt\u00f3rych po\u0142owa posiada w\u0142asny ogr\u00f3d, a druga po\u0142owa du\u017ce balkony. Zapraszamy do galerii zdj\u0119\u0107 z placu budowy, gdzie b\u0119dziecie mogli Pa\u0144stwo r\u00f3wnie\u017c obejrze\u0107 ustytuowanie osiedla w samym centrum osiedla Jaroty vis a\u00a0vis [&hellip;]\" \/>\n<meta property=\"og:url\" content=\"https:\/\/osiedlezaciszne.eu\/?p=506\" \/>\n<meta property=\"og:site_name\" content=\"wordpressplugins\" \/>\n<meta property=\"article:published_time\" content=\"2022-06-09T22:55:37+00:00\" \/>\n<meta property=\"article:modified_time\" content=\"2022-06-23T19:21:11+00:00\" \/>\n<meta property=\"og:image\" content=\"https:\/\/osiedlezaciszne.eu\/wp-content\/uploads\/2019\/11\/dzien_korekta.jpg\" \/>\n\t<meta property=\"og:image:width\" content=\"2000\" \/>\n\t<meta property=\"og:image:height\" content=\"1125\" \/>\n\t<meta property=\"og:image:type\" content=\"image\/jpeg\" \/>\n<meta name=\"author\" content=\"adminosiedlezaciszne\" \/>\n<meta name=\"twitter:card\" content=\"summary_large_image\" \/>\n<meta name=\"twitter:label1\" content=\"Written by\" \/>\n\t<meta name=\"twitter:data1\" content=\"adminosiedlezaciszne\" \/>\n\t<meta name=\"twitter:label2\" content=\"Est. reading time\" \/>\n\t<meta name=\"twitter:data2\" content=\"1 minute\" \/>\n<script type=\"application\/ld+json\" class=\"yoast-schema-graph\">{\"@context\":\"https:\\\/\\\/schema.org\",\"@graph\":[{\"@type\":\"Article\",\"@id\":\"https:\\\/\\\/osiedlezaciszne.eu\\\/?p=506#article\",\"isPartOf\":{\"@id\":\"https:\\\/\\\/osiedlezaciszne.eu\\\/?p=506\"},\"author\":{\"name\":\"adminosiedlezaciszne\",\"@id\":\"https:\\\/\\\/osiedlezaciszne.eu\\\/#\\\/schema\\\/person\\\/4bcd8de83e4bc198b965cb6e7e81cbf3\"},\"headline\":\"Projekt Osiedla Zacisznego\",\"datePublished\":\"2022-06-09T22:55:37+00:00\",\"dateModified\":\"2022-06-23T19:21:11+00:00\",\"mainEntityOfPage\":{\"@id\":\"https:\\\/\\\/osiedlezaciszne.eu\\\/?p=506\"},\"wordCount\":94,\"commentCount\":0,\"image\":{\"@id\":\"https:\\\/\\\/osiedlezaciszne.eu\\\/?p=506#primaryimage\"},\"thumbnailUrl\":\"https:\\\/\\\/osiedlezaciszne.eu\\\/wp-content\\\/uploads\\\/2019\\\/11\\\/dzien_korekta.jpg\",\"inLanguage\":\"en-US\",\"potentialAction\":[{\"@type\":\"CommentAction\",\"name\":\"Comment\",\"target\":[\"https:\\\/\\\/osiedlezaciszne.eu\\\/?p=506#respond\"]}]},{\"@type\":\"WebPage\",\"@id\":\"https:\\\/\\\/osiedlezaciszne.eu\\\/?p=506\",\"url\":\"https:\\\/\\\/osiedlezaciszne.eu\\\/?p=506\",\"name\":\"Projekt Osiedla Zacisznego - wordpressplugins\",\"isPartOf\":{\"@id\":\"https:\\\/\\\/osiedlezaciszne.eu\\\/#website\"},\"primaryImageOfPage\":{\"@id\":\"https:\\\/\\\/osiedlezaciszne.eu\\\/?p=506#primaryimage\"},\"image\":{\"@id\":\"https:\\\/\\\/osiedlezaciszne.eu\\\/?p=506#primaryimage\"},\"thumbnailUrl\":\"https:\\\/\\\/osiedlezaciszne.eu\\\/wp-content\\\/uploads\\\/2019\\\/11\\\/dzien_korekta.jpg\",\"datePublished\":\"2022-06-09T22:55:37+00:00\",\"dateModified\":\"2022-06-23T19:21:11+00:00\",\"author\":{\"@id\":\"https:\\\/\\\/osiedlezaciszne.eu\\\/#\\\/schema\\\/person\\\/4bcd8de83e4bc198b965cb6e7e81cbf3\"},\"breadcrumb\":{\"@id\":\"https:\\\/\\\/osiedlezaciszne.eu\\\/?p=506#breadcrumb\"},\"inLanguage\":\"en-US\",\"potentialAction\":[{\"@type\":\"ReadAction\",\"target\":[\"https:\\\/\\\/osiedlezaciszne.eu\\\/?p=506\"]}]},{\"@type\":\"ImageObject\",\"inLanguage\":\"en-US\",\"@id\":\"https:\\\/\\\/osiedlezaciszne.eu\\\/?p=506#primaryimage\",\"url\":\"https:\\\/\\\/osiedlezaciszne.eu\\\/wp-content\\\/uploads\\\/2019\\\/11\\\/dzien_korekta.jpg\",\"contentUrl\":\"https:\\\/\\\/osiedlezaciszne.eu\\\/wp-content\\\/uploads\\\/2019\\\/11\\\/dzien_korekta.jpg\",\"width\":2000,\"height\":1125,\"caption\":\"KOMFORTOWE DOMY\"},{\"@type\":\"BreadcrumbList\",\"@id\":\"https:\\\/\\\/osiedlezaciszne.eu\\\/?p=506#breadcrumb\",\"itemListElement\":[{\"@type\":\"ListItem\",\"position\":1,\"name\":\"Home\",\"item\":\"https:\\\/\\\/osiedlezaciszne.eu\\\/\"},{\"@type\":\"ListItem\",\"position\":2,\"name\":\"Projekt Osiedla Zacisznego\"}]},{\"@type\":\"WebSite\",\"@id\":\"https:\\\/\\\/osiedlezaciszne.eu\\\/#website\",\"url\":\"https:\\\/\\\/osiedlezaciszne.eu\\\/\",\"name\":\"wordpressplugins\",\"description\":\"Kolejna witryna oparta na WordPressie\",\"potentialAction\":[{\"@type\":\"SearchAction\",\"target\":{\"@type\":\"EntryPoint\",\"urlTemplate\":\"https:\\\/\\\/osiedlezaciszne.eu\\\/?s={search_term_string}\"},\"query-input\":{\"@type\":\"PropertyValueSpecification\",\"valueRequired\":true,\"valueName\":\"search_term_string\"}}],\"inLanguage\":\"en-US\"},{\"@type\":\"Person\",\"@id\":\"https:\\\/\\\/osiedlezaciszne.eu\\\/#\\\/schema\\\/person\\\/4bcd8de83e4bc198b965cb6e7e81cbf3\",\"name\":\"adminosiedlezaciszne\",\"image\":{\"@type\":\"ImageObject\",\"inLanguage\":\"en-US\",\"@id\":\"https:\\\/\\\/secure.gravatar.com\\\/avatar\\\/4244e6c1687cd1cecd08604c3f06a5c691f54da6b6d889d990fd452e8455d2e7?s=96&d=mm&r=g\",\"url\":\"https:\\\/\\\/secure.gravatar.com\\\/avatar\\\/4244e6c1687cd1cecd08604c3f06a5c691f54da6b6d889d990fd452e8455d2e7?s=96&d=mm&r=g\",\"contentUrl\":\"https:\\\/\\\/secure.gravatar.com\\\/avatar\\\/4244e6c1687cd1cecd08604c3f06a5c691f54da6b6d889d990fd452e8455d2e7?s=96&d=mm&r=g\",\"caption\":\"adminosiedlezaciszne\"},\"sameAs\":[\"http:\\\/\\\/osiedlezaciszne.eu\"],\"url\":\"https:\\\/\\\/osiedlezaciszne.eu\\\/?author=1\"}]}<\/script>\n<!-- \/ Yoast SEO plugin. -->","yoast_head_json":{"title":"Projekt Osiedla Zacisznego - wordpressplugins","robots":{"index":"index","follow":"follow","max-snippet":"max-snippet:-1","max-image-preview":"max-image-preview:large","max-video-preview":"max-video-preview:-1"},"canonical":"https:\/\/osiedlezaciszne.eu\/?p=506","og_locale":"en_US","og_type":"article","og_title":"Projekt Osiedla Zacisznego - wordpressplugins","og_description":"Osiedle Zaciszne to dwana\u015bcie komfortowych dom\u00f3w szeregowych o powierzchni od 119 do 300 m2, ka\u017cdy z ustawnym ogrodem oraz osiem praktycznych mieszka\u0144, z kt\u00f3rych po\u0142owa posiada w\u0142asny ogr\u00f3d, a druga po\u0142owa du\u017ce balkony. Zapraszamy do galerii zdj\u0119\u0107 z placu budowy, gdzie b\u0119dziecie mogli Pa\u0144stwo r\u00f3wnie\u017c obejrze\u0107 ustytuowanie osiedla w samym centrum osiedla Jaroty vis a\u00a0vis [&hellip;]","og_url":"https:\/\/osiedlezaciszne.eu\/?p=506","og_site_name":"wordpressplugins","article_published_time":"2022-06-09T22:55:37+00:00","article_modified_time":"2022-06-23T19:21:11+00:00","og_image":[{"width":2000,"height":1125,"url":"https:\/\/osiedlezaciszne.eu\/wp-content\/uploads\/2019\/11\/dzien_korekta.jpg","type":"image\/jpeg"}],"author":"adminosiedlezaciszne","twitter_card":"summary_large_image","twitter_misc":{"Written by":"adminosiedlezaciszne","Est. reading time":"1 minute"},"schema":{"@context":"https:\/\/schema.org","@graph":[{"@type":"Article","@id":"https:\/\/osiedlezaciszne.eu\/?p=506#article","isPartOf":{"@id":"https:\/\/osiedlezaciszne.eu\/?p=506"},"author":{"name":"adminosiedlezaciszne","@id":"https:\/\/osiedlezaciszne.eu\/#\/schema\/person\/4bcd8de83e4bc198b965cb6e7e81cbf3"},"headline":"Projekt Osiedla Zacisznego","datePublished":"2022-06-09T22:55:37+00:00","dateModified":"2022-06-23T19:21:11+00:00","mainEntityOfPage":{"@id":"https:\/\/osiedlezaciszne.eu\/?p=506"},"wordCount":94,"commentCount":0,"image":{"@id":"https:\/\/osiedlezaciszne.eu\/?p=506#primaryimage"},"thumbnailUrl":"https:\/\/osiedlezaciszne.eu\/wp-content\/uploads\/2019\/11\/dzien_korekta.jpg","inLanguage":"en-US","potentialAction":[{"@type":"CommentAction","name":"Comment","target":["https:\/\/osiedlezaciszne.eu\/?p=506#respond"]}]},{"@type":"WebPage","@id":"https:\/\/osiedlezaciszne.eu\/?p=506","url":"https:\/\/osiedlezaciszne.eu\/?p=506","name":"Projekt Osiedla Zacisznego - wordpressplugins","isPartOf":{"@id":"https:\/\/osiedlezaciszne.eu\/#website"},"primaryImageOfPage":{"@id":"https:\/\/osiedlezaciszne.eu\/?p=506#primaryimage"},"image":{"@id":"https:\/\/osiedlezaciszne.eu\/?p=506#primaryimage"},"thumbnailUrl":"https:\/\/osiedlezaciszne.eu\/wp-content\/uploads\/2019\/11\/dzien_korekta.jpg","datePublished":"2022-06-09T22:55:37+00:00","dateModified":"2022-06-23T19:21:11+00:00","author":{"@id":"https:\/\/osiedlezaciszne.eu\/#\/schema\/person\/4bcd8de83e4bc198b965cb6e7e81cbf3"},"breadcrumb":{"@id":"https:\/\/osiedlezaciszne.eu\/?p=506#breadcrumb"},"inLanguage":"en-US","potentialAction":[{"@type":"ReadAction","target":["https:\/\/osiedlezaciszne.eu\/?p=506"]}]},{"@type":"ImageObject","inLanguage":"en-US","@id":"https:\/\/osiedlezaciszne.eu\/?p=506#primaryimage","url":"https:\/\/osiedlezaciszne.eu\/wp-content\/uploads\/2019\/11\/dzien_korekta.jpg","contentUrl":"https:\/\/osiedlezaciszne.eu\/wp-content\/uploads\/2019\/11\/dzien_korekta.jpg","width":2000,"height":1125,"caption":"KOMFORTOWE DOMY"},{"@type":"BreadcrumbList","@id":"https:\/\/osiedlezaciszne.eu\/?p=506#breadcrumb","itemListElement":[{"@type":"ListItem","position":1,"name":"Home","item":"https:\/\/osiedlezaciszne.eu\/"},{"@type":"ListItem","position":2,"name":"Projekt Osiedla Zacisznego"}]},{"@type":"WebSite","@id":"https:\/\/osiedlezaciszne.eu\/#website","url":"https:\/\/osiedlezaciszne.eu\/","name":"wordpressplugins","description":"Kolejna witryna oparta na WordPressie","potentialAction":[{"@type":"SearchAction","target":{"@type":"EntryPoint","urlTemplate":"https:\/\/osiedlezaciszne.eu\/?s={search_term_string}"},"query-input":{"@type":"PropertyValueSpecification","valueRequired":true,"valueName":"search_term_string"}}],"inLanguage":"en-US"},{"@type":"Person","@id":"https:\/\/osiedlezaciszne.eu\/#\/schema\/person\/4bcd8de83e4bc198b965cb6e7e81cbf3","name":"adminosiedlezaciszne","image":{"@type":"ImageObject","inLanguage":"en-US","@id":"https:\/\/secure.gravatar.com\/avatar\/4244e6c1687cd1cecd08604c3f06a5c691f54da6b6d889d990fd452e8455d2e7?s=96&d=mm&r=g","url":"https:\/\/secure.gravatar.com\/avatar\/4244e6c1687cd1cecd08604c3f06a5c691f54da6b6d889d990fd452e8455d2e7?s=96&d=mm&r=g","contentUrl":"https:\/\/secure.gravatar.com\/avatar\/4244e6c1687cd1cecd08604c3f06a5c691f54da6b6d889d990fd452e8455d2e7?s=96&d=mm&r=g","caption":"adminosiedlezaciszne"},"sameAs":["http:\/\/osiedlezaciszne.eu"],"url":"https:\/\/osiedlezaciszne.eu\/?author=1"}]}},"_links":{"self":[{"href":"https:\/\/osiedlezaciszne.eu\/index.php?rest_route=\/wp\/v2\/posts\/506","targetHints":{"allow":["GET"]}}],"collection":[{"href":"https:\/\/osiedlezaciszne.eu\/index.php?rest_route=\/wp\/v2\/posts"}],"about":[{"href":"https:\/\/osiedlezaciszne.eu\/index.php?rest_route=\/wp\/v2\/types\/post"}],"author":[{"embeddable":true,"href":"https:\/\/osiedlezaciszne.eu\/index.php?rest_route=\/wp\/v2\/users\/1"}],"replies":[{"embeddable":true,"href":"https:\/\/osiedlezaciszne.eu\/index.php?rest_route=%2Fwp%2Fv2%2Fcomments&post=506"}],"version-history":[{"count":37,"href":"https:\/\/osiedlezaciszne.eu\/index.php?rest_route=\/wp\/v2\/posts\/506\/revisions"}],"predecessor-version":[{"id":972,"href":"https:\/\/osiedlezaciszne.eu\/index.php?rest_route=\/wp\/v2\/posts\/506\/revisions\/972"}],"wp:featuredmedia":[{"embeddable":true,"href":"https:\/\/osiedlezaciszne.eu\/index.php?rest_route=\/wp\/v2\/media\/462"}],"wp:attachment":[{"href":"https:\/\/osiedlezaciszne.eu\/index.php?rest_route=%2Fwp%2Fv2%2Fmedia&parent=506"}],"wp:term":[{"taxonomy":"category","embeddable":true,"href":"https:\/\/osiedlezaciszne.eu\/index.php?rest_route=%2Fwp%2Fv2%2Fcategories&post=506"},{"taxonomy":"post_tag","embeddable":true,"href":"https:\/\/osiedlezaciszne.eu\/index.php?rest_route=%2Fwp%2Fv2%2Ftags&post=506"}],"curies":[{"name":"wp","href":"https:\/\/api.w.org\/{rel}","templated":true}]}}